{"id":7161,"date":"2023-03-31T09:34:32","date_gmt":"2023-03-31T09:34:32","guid":{"rendered":"https:\/\/pamina.si\/?p=7161"},"modified":"2023-04-04T09:26:29","modified_gmt":"2023-04-04T09:26:29","slug":"razpis-za-specializante-psihoterapije-psihoterapevte-in-psihologe","status":"publish","type":"post","link":"https:\/\/store.pamina.si\/en\/2023\/03\/31\/razpis-za-specializante-psihoterapije-psihoterapevte-in-psihologe\/","title":{"rendered":"Razpis za specializante psihoterapije, psihoterapevte in psihologe"},"content":{"rendered":"<p>Ste specializant\/ka psihoterapije, psihoterapevt\/ka in\/ali psiholog\/inja in vas zanima delo v visoko strokovnem, spodbudnem timu?<\/p>\n<p>Odpiramo podru\u017enico <strong>Ambulante za du\u0161evno zdravje Pamina na Koro\u0161kem<\/strong> in vas vabimo k sodelovanju. Do jeseni 2023 bomo oblikovali <strong>tim strokovnjakov s podro\u010dja du\u0161evnega zdravja<\/strong>, s psiholo\u0161kim in psihoterapevtskim znanjem za delo s posamezniki, pari, dru\u017einami in\/ali skupinami.<\/p>\n<h2>Od prijavljenih kandidatov pri\u010dakujemo:<\/h2>\n<ul>\n<li>Najmanj dokon\u010dano VII. stopnjo izobrazbe ali izpolnjene pogoje za samostojno delo pod supervizorstvom katerekoli modalitete.<\/li>\n<li>Opravljen osebni psihoterapevtski proces pri u\u010dnem terapevtu v minimalnem obsegu 220 ur (priznan s strani izobra\u017eevalne institucije).<\/li>\n<li>Zelo za\u017eelena je tudi osebna izku\u0161nja skupinskega psihoterapevtskega procesa.<\/li>\n<\/ul>\n<h2>Kaj vam v Pamini nudimo<\/h2>\n<p>V Pamini se povezujemo in sodelavcem <strong>omogo\u010damo delo ter razvoj v strokovnem multidisciplinarnem timu<\/strong>. \u010ce se vidite <strong>v spodbudnem delovnem okolju<\/strong>, kjer lahko razvijate tudi lastne programe, toplo dobrodo\u0161li.<\/p>\n<p>V Pamini zelo <strong>cenimo samoiniciativnost, zavzetost in pripadnost organizaciji<\/strong>. Kandidate, ki z nami delite na\u0161tete pomembne vrednote in cenite lastno avtonomijo pri delu, toplo vabimo, da se odzovete na na\u0161e povabilo.<\/p>\n<p>Nudimo mo\u017enost poslovnega sodelovanja ali zaposlitve.<\/p>\n<p>Prijavo po\u0161ljite na\u00a0<a href=\"mailto:info@pamina.si\">info@pamina.si<\/a>\u00a0in prilo\u017eite:<\/p>\n<ul>\n<li>CV,<\/li>\n<li>dokazila o izpolnjevanju navedenih pogojev (v pdf) in<\/li>\n<li>motivacijsko pismo.<\/li>\n<\/ul>","protected":false},"excerpt":{"rendered":"<p>Ste specializant\/ka psihoterapije, psihoterapevt\/ka in\/ali psiholog\/inja in vas zanima delo v visoko strokovnem, spodbudnem timu? Odpiramo podru\u017enico Ambulante za du\u0161evno zdravje Pamina na Koro\u0161kem in vas vabimo k sodelovanju. Do jeseni 2023 bomo oblikovali tim strokovnjakov s podro\u010dja du\u0161evnega zdravja, s psiholo\u0161kim in psihoterapevtskim znanjem za delo s posamezniki, pari, dru\u017einami in\/ali skupinami. Od prijavljenih [&hellip;]<\/p>","protected":false},"author":1,"featured_media":0,"comment_status":"open","ping_status":"open","sticky":false,"template":"","format":"standard","meta":{"inline_featured_image":false,"footnotes":""},"categories":[30],"tags":[],"class_list":["post-7161","post","type-post","status-publish","format-standard","hentry","category-novice"],"_links":{"self":[{"href":"https:\/\/store.pamina.si\/en\/wp-json\/wp\/v2\/posts\/7161","targetHints":{"allow":["GET"]}}],"collection":[{"href":"https:\/\/store.pamina.si\/en\/wp-json\/wp\/v2\/posts"}],"about":[{"href":"https:\/\/store.pamina.si\/en\/wp-json\/wp\/v2\/types\/post"}],"author":[{"embeddable":true,"href":"https:\/\/store.pamina.si\/en\/wp-json\/wp\/v2\/users\/1"}],"replies":[{"embeddable":true,"href":"https:\/\/store.pamina.si\/en\/wp-json\/wp\/v2\/comments?post=7161"}],"version-history":[{"count":3,"href":"https:\/\/store.pamina.si\/en\/wp-json\/wp\/v2\/posts\/7161\/revisions"}],"predecessor-version":[{"id":7173,"href":"https:\/\/store.pamina.si\/en\/wp-json\/wp\/v2\/posts\/7161\/revisions\/7173"}],"wp:attachment":[{"href":"https:\/\/store.pamina.si\/en\/wp-json\/wp\/v2\/media?parent=7161"}],"wp:term":[{"taxonomy":"category","embeddable":true,"href":"https:\/\/store.pamina.si\/en\/wp-json\/wp\/v2\/categories?post=7161"},{"taxonomy":"post_tag","embeddable":true,"href":"https:\/\/store.pamina.si\/en\/wp-json\/wp\/v2\/tags?post=7161"}],"curies":[{"name":"wp","href":"https:\/\/api.w.org\/{rel}","templated":true}]}}