{"id":5192,"date":"2017-05-10T13:46:40","date_gmt":"2017-05-10T13:46:40","guid":{"rendered":"https:\/\/pam.razvojna.si\/?p=5192"},"modified":"2022-04-11T15:41:27","modified_gmt":"2022-04-11T15:41:27","slug":"dovolj-dobri-starsi","status":"publish","type":"post","link":"https:\/\/store.pamina.si\/en\/2017\/05\/10\/dovolj-dobri-starsi\/","title":{"rendered":"\u201cDovolj dobri star\u0161i.\u201d"},"content":{"rendered":"<p>Danes je na\u0161 sodelavec, Milenko Kova\u010devi\u0107, gostoval v oddaji Dobro jutro na RTV Slovenija. Govoril je o pretirano za\u0161\u010ditni\u0161kih star\u0161ih in o posledicah, ki jih star\u0161i pu\u0161\u010dajo na otroku, ki so preve\u010d za\u0161\u010diteni.<br \/>\nV <a href=\"https:\/\/365.rtvslo.si\/arhiv\/dobro-jutro\/174470422\" target=\"_blank\" rel=\"noopener\">povezavi<\/a> si lahko ogledate oddajo.<br \/>\nV \u017eivo pa se lahko pridete z njim dru\u017eiti to soboto, ko bo predaval zadnjo temo cikla Pasti vzgoje \u2013 \u201cDOVOLJ DOBRI STAR\u0160I\u201d.<\/p>","protected":false},"excerpt":{"rendered":"<p>Danes je na\u0161 sodelavec, Milenko Kova\u010devi\u0107, gostoval v oddaji Dobro jutro na RTV Slovenija. Govoril je o pretirano za\u0161\u010ditni\u0161kih star\u0161ih in o posledicah, ki jih star\u0161i pu\u0161\u010dajo na otroku, ki so preve\u010d za\u0161\u010diteni. V povezavi si lahko ogledate oddajo. V \u017eivo pa se lahko pridete z njim dru\u017eiti to soboto, ko bo predaval zadnjo temo [&hellip;]<\/p>","protected":false},"author":1,"featured_media":0,"comment_status":"open","ping_status":"open","sticky":false,"template":"","format":"standard","meta":{"inline_featured_image":false,"footnotes":""},"categories":[24],"tags":[],"class_list":["post-5192","post","type-post","status-publish","format-standard","hentry","category-objave-v-medijih"],"_links":{"self":[{"href":"https:\/\/store.pamina.si\/en\/wp-json\/wp\/v2\/posts\/5192","targetHints":{"allow":["GET"]}}],"collection":[{"href":"https:\/\/store.pamina.si\/en\/wp-json\/wp\/v2\/posts"}],"about":[{"href":"https:\/\/store.pamina.si\/en\/wp-json\/wp\/v2\/types\/post"}],"author":[{"embeddable":true,"href":"https:\/\/store.pamina.si\/en\/wp-json\/wp\/v2\/users\/1"}],"replies":[{"embeddable":true,"href":"https:\/\/store.pamina.si\/en\/wp-json\/wp\/v2\/comments?post=5192"}],"version-history":[{"count":2,"href":"https:\/\/store.pamina.si\/en\/wp-json\/wp\/v2\/posts\/5192\/revisions"}],"predecessor-version":[{"id":6450,"href":"https:\/\/store.pamina.si\/en\/wp-json\/wp\/v2\/posts\/5192\/revisions\/6450"}],"wp:attachment":[{"href":"https:\/\/store.pamina.si\/en\/wp-json\/wp\/v2\/media?parent=5192"}],"wp:term":[{"taxonomy":"category","embeddable":true,"href":"https:\/\/store.pamina.si\/en\/wp-json\/wp\/v2\/categories?post=5192"},{"taxonomy":"post_tag","embeddable":true,"href":"https:\/\/store.pamina.si\/en\/wp-json\/wp\/v2\/tags?post=5192"}],"curies":[{"name":"wp","href":"https:\/\/api.w.org\/{rel}","templated":true}]}}