{"id":5189,"date":"2022-03-07T13:46:25","date_gmt":"2022-03-07T13:46:25","guid":{"rendered":"https:\/\/pam.razvojna.si\/?p=5189"},"modified":"2022-04-11T15:47:59","modified_gmt":"2022-04-11T15:47:59","slug":"razvajajmo-ampak-ne-prevec","status":"publish","type":"post","link":"https:\/\/store.pamina.si\/en\/2022\/03\/07\/razvajajmo-ampak-ne-prevec\/","title":{"rendered":"\u201cRazvajajmo, ampak ne preve\u010d.\u201d"},"content":{"rendered":"<p>Vabljeni k ogledu jutranjega programa na RTV SLO 1, kjer je na\u0161 psihoterapevt Milenko tokrat spregovoril o tem kaj je razvajenost in kak\u0161ne so lahko njegove posledice. Na tem <a href=\"https:\/\/365.rtvslo.si\/arhiv\/dobro-jutro\/174478263\" target=\"_blank\" rel=\"noopener\">mestu<\/a> si lahko ogledate oddajo.<\/p>\n<p>V oddaji je Milenko navedel tudi dve knjigi o pasteh vzgoje. Spodaj pa najdete \u0161e dalj\u0161i seznam knjig, ki jih priporo\u010damo za branje.<\/p>\n<ul>\n<li>Zdenka Zalokar Divjak: Brez pravljice ni otro\u0161tva<\/li>\n<li>Kenneth M. Adams: Po tihem zapeljani<\/li>\n<li>Jesper Juul: To sem jaz! Kdo si pa ti?<\/li>\n<li>T. Berry Brazelton: Otrok: \u010custveni in vedenjski razvoj va\u0161ega otroka<\/li>\n<li>Zdenka Zalokar Divjak: Otroci, mladostniki in star\u0161i<\/li>\n<li>Robin Skynner: Dru\u017eine in kako v njih pre\u017eiveti<\/li>\n<li>Alice Miller: Drama je biti otrok<\/li>\n<\/ul>","protected":false},"excerpt":{"rendered":"<p>Vabljeni k ogledu jutranjega programa na RTV SLO 1, kjer je na\u0161 psihoterapevt Milenko tokrat spregovoril o tem kaj je razvajenost in kak\u0161ne so lahko njegove posledice. Na tem mestu si lahko ogledate oddajo. V oddaji je Milenko navedel tudi dve knjigi o pasteh vzgoje. Spodaj pa najdete \u0161e dalj\u0161i seznam knjig, ki jih priporo\u010damo [&hellip;]<\/p>","protected":false},"author":1,"featured_media":0,"comment_status":"open","ping_status":"open","sticky":false,"template":"","format":"standard","meta":{"inline_featured_image":false,"footnotes":""},"categories":[24],"tags":[],"class_list":["post-5189","post","type-post","status-publish","format-standard","hentry","category-objave-v-medijih"],"_links":{"self":[{"href":"https:\/\/store.pamina.si\/en\/wp-json\/wp\/v2\/posts\/5189","targetHints":{"allow":["GET"]}}],"collection":[{"href":"https:\/\/store.pamina.si\/en\/wp-json\/wp\/v2\/posts"}],"about":[{"href":"https:\/\/store.pamina.si\/en\/wp-json\/wp\/v2\/types\/post"}],"author":[{"embeddable":true,"href":"https:\/\/store.pamina.si\/en\/wp-json\/wp\/v2\/users\/1"}],"replies":[{"embeddable":true,"href":"https:\/\/store.pamina.si\/en\/wp-json\/wp\/v2\/comments?post=5189"}],"version-history":[{"count":2,"href":"https:\/\/store.pamina.si\/en\/wp-json\/wp\/v2\/posts\/5189\/revisions"}],"predecessor-version":[{"id":6251,"href":"https:\/\/store.pamina.si\/en\/wp-json\/wp\/v2\/posts\/5189\/revisions\/6251"}],"wp:attachment":[{"href":"https:\/\/store.pamina.si\/en\/wp-json\/wp\/v2\/media?parent=5189"}],"wp:term":[{"taxonomy":"category","embeddable":true,"href":"https:\/\/store.pamina.si\/en\/wp-json\/wp\/v2\/categories?post=5189"},{"taxonomy":"post_tag","embeddable":true,"href":"https:\/\/store.pamina.si\/en\/wp-json\/wp\/v2\/tags?post=5189"}],"curies":[{"name":"wp","href":"https:\/\/api.w.org\/{rel}","templated":true}]}}