{"id":5167,"date":"2017-11-15T13:31:00","date_gmt":"2017-11-15T13:31:00","guid":{"rendered":"https:\/\/pam.razvojna.si\/?p=5167"},"modified":"2022-04-11T15:44:49","modified_gmt":"2022-04-11T15:44:49","slug":"ni-krivde-brez-skode","status":"publish","type":"post","link":"https:\/\/store.pamina.si\/en\/2017\/11\/15\/ni-krivde-brez-skode\/","title":{"rendered":"\u201cNi krivde brez \u0161kode.\u201d"},"content":{"rendered":"<p>Na\u0161 sodelavec Milenko Kova\u010devi\u0107 je v tokratni oddaji Dobro jutro spregovril o krivdi in o tem koliko je krivda pomembna v odnosih. \u010ce \u017eelimo, da bo na\u0161 otrok res odrasel, je pomembno, da mu pomagamo zgraditi kulturne norme in sposobnost do\u017eivljanja odrasle krivde.<\/p>\n<p>V <a href=\"https:\/\/365.rtvslo.si\/arhiv\/dobro-jutro\/174502601\" target=\"_blank\" rel=\"noopener\">povezavi<\/a> si lahko ogledate oddajo.<\/p>","protected":false},"excerpt":{"rendered":"<p>Na\u0161 sodelavec Milenko Kova\u010devi\u0107 je v tokratni oddaji Dobro jutro spregovril o krivdi in o tem koliko je krivda pomembna v odnosih. \u010ce \u017eelimo, da bo na\u0161 otrok res odrasel, je pomembno, da mu pomagamo zgraditi kulturne norme in sposobnost do\u017eivljanja odrasle krivde. V povezavi si lahko ogledate oddajo.<\/p>","protected":false},"author":1,"featured_media":0,"comment_status":"open","ping_status":"open","sticky":false,"template":"","format":"standard","meta":{"inline_featured_image":false,"footnotes":""},"categories":[24],"tags":[],"class_list":["post-5167","post","type-post","status-publish","format-standard","hentry","category-objave-v-medijih"],"_links":{"self":[{"href":"https:\/\/store.pamina.si\/en\/wp-json\/wp\/v2\/posts\/5167","targetHints":{"allow":["GET"]}}],"collection":[{"href":"https:\/\/store.pamina.si\/en\/wp-json\/wp\/v2\/posts"}],"about":[{"href":"https:\/\/store.pamina.si\/en\/wp-json\/wp\/v2\/types\/post"}],"author":[{"embeddable":true,"href":"https:\/\/store.pamina.si\/en\/wp-json\/wp\/v2\/users\/1"}],"replies":[{"embeddable":true,"href":"https:\/\/store.pamina.si\/en\/wp-json\/wp\/v2\/comments?post=5167"}],"version-history":[{"count":2,"href":"https:\/\/store.pamina.si\/en\/wp-json\/wp\/v2\/posts\/5167\/revisions"}],"predecessor-version":[{"id":6452,"href":"https:\/\/store.pamina.si\/en\/wp-json\/wp\/v2\/posts\/5167\/revisions\/6452"}],"wp:attachment":[{"href":"https:\/\/store.pamina.si\/en\/wp-json\/wp\/v2\/media?parent=5167"}],"wp:term":[{"taxonomy":"category","embeddable":true,"href":"https:\/\/store.pamina.si\/en\/wp-json\/wp\/v2\/categories?post=5167"},{"taxonomy":"post_tag","embeddable":true,"href":"https:\/\/store.pamina.si\/en\/wp-json\/wp\/v2\/tags?post=5167"}],"curies":[{"name":"wp","href":"https:\/\/api.w.org\/{rel}","templated":true}]}}