{"id":5130,"date":"2018-03-16T13:15:10","date_gmt":"2018-03-16T13:15:10","guid":{"rendered":"https:\/\/pam.razvojna.si\/?p=5130"},"modified":"2022-04-11T15:54:47","modified_gmt":"2022-04-11T15:54:47","slug":"vam-misli-begajo-sem-in-tja-tudi-ko-si-tega-ne-zelite","status":"publish","type":"post","link":"https:\/\/store.pamina.si\/en\/2018\/03\/16\/vam-misli-begajo-sem-in-tja-tudi-ko-si-tega-ne-zelite\/","title":{"rendered":"Vam misli begajo sem in tja \u2026 tudi ko si tega ne \u017eelite?"},"content":{"rendered":"<p>\u010cuje\u010dnost je \u0161iroko sprejeta v psiholo\u0161kih krogih in je tehnika, ki je podprta z znanstvenimi raziskavami, ki dokazujejo njeno u\u010dinkovitost pri zmanj\u0161evanju stresa, depresivnih in tesnobnih stanj.<\/p>\n<p>Specializantka psihoterapije in sodelavka Pamine Eva Kokol, je v reporta\u017ei v oddaji Dan. na televizijskem programu Planet Tv podrobneje pojasnila kaj \u010duje\u010dnost je, kako deluje in \u010demu je namenjena. Vabljeni k ogledu ter k udele\u017ebi na njenih treningih, ki jih redno razpisujemo v Pamini.<\/p>\n<p>V<a href=\"https:\/\/www.facebook.com\/watch\/?v=228811214343659\" target=\"_blank\" rel=\"noopener\"> povezavi<\/a> si lahko ogledate oddajo.<\/p>","protected":false},"excerpt":{"rendered":"<p>\u010cuje\u010dnost je \u0161iroko sprejeta v psiholo\u0161kih krogih in je tehnika, ki je podprta z znanstvenimi raziskavami, ki dokazujejo njeno u\u010dinkovitost pri zmanj\u0161evanju stresa, depresivnih in tesnobnih stanj. Specializantka psihoterapije in sodelavka Pamine Eva Kokol, je v reporta\u017ei v oddaji Dan. na televizijskem programu Planet Tv podrobneje pojasnila kaj \u010duje\u010dnost je, kako deluje in \u010demu je [&hellip;]<\/p>","protected":false},"author":1,"featured_media":0,"comment_status":"open","ping_status":"open","sticky":false,"template":"","format":"standard","meta":{"inline_featured_image":false,"footnotes":""},"categories":[24],"tags":[],"class_list":["post-5130","post","type-post","status-publish","format-standard","hentry","category-objave-v-medijih"],"_links":{"self":[{"href":"https:\/\/store.pamina.si\/en\/wp-json\/wp\/v2\/posts\/5130","targetHints":{"allow":["GET"]}}],"collection":[{"href":"https:\/\/store.pamina.si\/en\/wp-json\/wp\/v2\/posts"}],"about":[{"href":"https:\/\/store.pamina.si\/en\/wp-json\/wp\/v2\/types\/post"}],"author":[{"embeddable":true,"href":"https:\/\/store.pamina.si\/en\/wp-json\/wp\/v2\/users\/1"}],"replies":[{"embeddable":true,"href":"https:\/\/store.pamina.si\/en\/wp-json\/wp\/v2\/comments?post=5130"}],"version-history":[{"count":3,"href":"https:\/\/store.pamina.si\/en\/wp-json\/wp\/v2\/posts\/5130\/revisions"}],"predecessor-version":[{"id":6480,"href":"https:\/\/store.pamina.si\/en\/wp-json\/wp\/v2\/posts\/5130\/revisions\/6480"}],"wp:attachment":[{"href":"https:\/\/store.pamina.si\/en\/wp-json\/wp\/v2\/media?parent=5130"}],"wp:term":[{"taxonomy":"category","embeddable":true,"href":"https:\/\/store.pamina.si\/en\/wp-json\/wp\/v2\/categories?post=5130"},{"taxonomy":"post_tag","embeddable":true,"href":"https:\/\/store.pamina.si\/en\/wp-json\/wp\/v2\/tags?post=5130"}],"curies":[{"name":"wp","href":"https:\/\/api.w.org\/{rel}","templated":true}]}}