{"id":5114,"date":"2018-08-23T13:09:35","date_gmt":"2018-08-23T13:09:35","guid":{"rendered":"https:\/\/pam.razvojna.si\/?p=5114"},"modified":"2022-04-11T16:00:13","modified_gmt":"2022-04-11T16:00:13","slug":"zabava-je-postala-glavni-moto-zivljenja","status":"publish","type":"post","link":"https:\/\/store.pamina.si\/en\/2018\/08\/23\/zabava-je-postala-glavni-moto-zivljenja\/","title":{"rendered":"Zabava je postala glavni moto \u017eivljenja"},"content":{"rendered":"<p>Kdaj je najprimernej\u0161i \u010das, da otrok zakoraka v \u0161olo? Na kaj morajo biti star\u0161i pri tem pozorni? Kaj lahko star\u0161i storijo, da bodo otroci radi obiskovali \u0161olo?<\/p>\n<p>Vstopa v \u0161olo se otroci veselijo, saj je pomemben mejnik na njihovi poti odra\u0161\u010danja. \u00bbV otrokovi naravi je vseskozi te\u017enja biti velik, saj vemo, kako zgodaj se \u017ee \u017eelijo primerjati s starej\u0161imi bratci in sestrami pa tudi star\u0161i. Zelo dobro vedo, da je \u0161ola vstop v tisto obdobje njihovega \u017eivljenja, ko zapustijo vrtec, ko ne bodo ve\u010d \u2018pikapolonice\u2019, \u2018son\u010dki\u2019 itd., ampak \u0161olarji,\u00ab za revijo ONA pove vodja na\u0161e Ambulante za otroke in mladostnike red. prof. dr. Zdenka Zalokar Divjak, univ. dipl. psih., specialistka logoterapije.<\/p>\n<p>Celoten \u010dlanek o dilemah sodobne vzgoje si lahko preberete na tej <a href=\"https:\/\/onaplus.delo.si\/zdenka-zalokar-divjak-zabava-je-postala-glavni-moto-zivljenja\" target=\"_blank\" rel=\"noopener\">povezavi<\/a>.<\/p>","protected":false},"excerpt":{"rendered":"<p>Kdaj je najprimernej\u0161i \u010das, da otrok zakoraka v \u0161olo? Na kaj morajo biti star\u0161i pri tem pozorni? Kaj lahko star\u0161i storijo, da bodo otroci radi obiskovali \u0161olo? Vstopa v \u0161olo se otroci veselijo, saj je pomemben mejnik na njihovi poti odra\u0161\u010danja. \u00bbV otrokovi naravi je vseskozi te\u017enja biti velik, saj vemo, kako zgodaj se \u017ee [&hellip;]<\/p>","protected":false},"author":1,"featured_media":0,"comment_status":"open","ping_status":"open","sticky":false,"template":"","format":"standard","meta":{"inline_featured_image":false,"footnotes":""},"categories":[24],"tags":[],"class_list":["post-5114","post","type-post","status-publish","format-standard","hentry","category-objave-v-medijih"],"_links":{"self":[{"href":"https:\/\/store.pamina.si\/en\/wp-json\/wp\/v2\/posts\/5114","targetHints":{"allow":["GET"]}}],"collection":[{"href":"https:\/\/store.pamina.si\/en\/wp-json\/wp\/v2\/posts"}],"about":[{"href":"https:\/\/store.pamina.si\/en\/wp-json\/wp\/v2\/types\/post"}],"author":[{"embeddable":true,"href":"https:\/\/store.pamina.si\/en\/wp-json\/wp\/v2\/users\/1"}],"replies":[{"embeddable":true,"href":"https:\/\/store.pamina.si\/en\/wp-json\/wp\/v2\/comments?post=5114"}],"version-history":[{"count":3,"href":"https:\/\/store.pamina.si\/en\/wp-json\/wp\/v2\/posts\/5114\/revisions"}],"predecessor-version":[{"id":6490,"href":"https:\/\/store.pamina.si\/en\/wp-json\/wp\/v2\/posts\/5114\/revisions\/6490"}],"wp:attachment":[{"href":"https:\/\/store.pamina.si\/en\/wp-json\/wp\/v2\/media?parent=5114"}],"wp:term":[{"taxonomy":"category","embeddable":true,"href":"https:\/\/store.pamina.si\/en\/wp-json\/wp\/v2\/categories?post=5114"},{"taxonomy":"post_tag","embeddable":true,"href":"https:\/\/store.pamina.si\/en\/wp-json\/wp\/v2\/tags?post=5114"}],"curies":[{"name":"wp","href":"https:\/\/api.w.org\/{rel}","templated":true}]}}