{"id":5106,"date":"2018-10-25T13:06:22","date_gmt":"2018-10-25T13:06:22","guid":{"rendered":"https:\/\/pam.razvojna.si\/?p=5106"},"modified":"2022-04-11T15:46:41","modified_gmt":"2022-04-11T15:46:41","slug":"jaz-sem-vredu-in-tudi-ti-si-vredu","status":"publish","type":"post","link":"https:\/\/store.pamina.si\/en\/2018\/10\/25\/jaz-sem-vredu-in-tudi-ti-si-vredu\/","title":{"rendered":"\u201cJaz sem vredu in tudi ti si vredu.\u201d"},"content":{"rendered":"<p>Konflikt je najenostavneje povedano trenutek, ko si nasproti prideta najmanj dve nezdru\u017eljivi \u017eelji \u2013 med ljudmi ali v nas samih. Re\u0161evanje konflikta je prilo\u017enost za rast a kljub temu se jih zaradi nekaterih zmotnih prepri\u010danj ljudje izogibajo ali pa jih do\u017eivljajo dosti burneje, kot je to potrebno. Razlog za eno ali drugo so lahko otro\u0161ke zablode o konfliktih, ki jih nismo uspeli prerasti ali izku\u0161nje s konflikti v primarni dru\u017eini.<\/p>\n<p>Rde\u010da nit in vodilo pri re\u0161evanju konflikta bi po besedah psihoterapevta Milenka Kova\u010devi\u0107a morala biti pozicija \u00bbjaz sem vredu in tudi ti si vredu\u00ab.<br \/>\nV <a href=\"https:\/\/365.rtvslo.si\/arhiv\/dobro-jutro\/174570846\" target=\"_blank\" rel=\"noopener\">povezavi<\/a> si lahko ogledate oddajo.<\/p>","protected":false},"excerpt":{"rendered":"<p>Konflikt je najenostavneje povedano trenutek, ko si nasproti prideta najmanj dve nezdru\u017eljivi \u017eelji \u2013 med ljudmi ali v nas samih. Re\u0161evanje konflikta je prilo\u017enost za rast a kljub temu se jih zaradi nekaterih zmotnih prepri\u010danj ljudje izogibajo ali pa jih do\u017eivljajo dosti burneje, kot je to potrebno. Razlog za eno ali drugo so lahko otro\u0161ke [&hellip;]<\/p>","protected":false},"author":1,"featured_media":0,"comment_status":"open","ping_status":"open","sticky":false,"template":"","format":"standard","meta":{"inline_featured_image":false,"footnotes":""},"categories":[24],"tags":[],"class_list":["post-5106","post","type-post","status-publish","format-standard","hentry","category-objave-v-medijih"],"_links":{"self":[{"href":"https:\/\/store.pamina.si\/en\/wp-json\/wp\/v2\/posts\/5106","targetHints":{"allow":["GET"]}}],"collection":[{"href":"https:\/\/store.pamina.si\/en\/wp-json\/wp\/v2\/posts"}],"about":[{"href":"https:\/\/store.pamina.si\/en\/wp-json\/wp\/v2\/types\/post"}],"author":[{"embeddable":true,"href":"https:\/\/store.pamina.si\/en\/wp-json\/wp\/v2\/users\/1"}],"replies":[{"embeddable":true,"href":"https:\/\/store.pamina.si\/en\/wp-json\/wp\/v2\/comments?post=5106"}],"version-history":[{"count":2,"href":"https:\/\/store.pamina.si\/en\/wp-json\/wp\/v2\/posts\/5106\/revisions"}],"predecessor-version":[{"id":6461,"href":"https:\/\/store.pamina.si\/en\/wp-json\/wp\/v2\/posts\/5106\/revisions\/6461"}],"wp:attachment":[{"href":"https:\/\/store.pamina.si\/en\/wp-json\/wp\/v2\/media?parent=5106"}],"wp:term":[{"taxonomy":"category","embeddable":true,"href":"https:\/\/store.pamina.si\/en\/wp-json\/wp\/v2\/categories?post=5106"},{"taxonomy":"post_tag","embeddable":true,"href":"https:\/\/store.pamina.si\/en\/wp-json\/wp\/v2\/tags?post=5106"}],"curies":[{"name":"wp","href":"https:\/\/api.w.org\/{rel}","templated":true}]}}