{"id":5071,"date":"2020-01-20T12:50:33","date_gmt":"2020-01-20T12:50:33","guid":{"rendered":"https:\/\/pam.razvojna.si\/?p=5071"},"modified":"2022-04-11T15:48:18","modified_gmt":"2022-04-11T15:48:18","slug":"strast","status":"publish","type":"post","link":"https:\/\/store.pamina.si\/en\/2020\/01\/20\/strast\/","title":{"rendered":"Strast"},"content":{"rendered":"<p>Strast lahko v o\u017ejem smislu razumemo v povezavi z \u017eeljo. To so objekti, osebe ali neki cilji h katerim strmimo. \u017delja je lahko kot vsako drugo \u010dustvo blago, intenzivno, kratkotrajno ali pa dolgotrajno. V tem smislu je lahko tudi strast primerna, neprimerna lahko je je preve\u010d ali pa nam je tudi manjka.<\/p>\n<p>Mnogi se preve\u010d osredoto\u010dijo na delo in nimajo \u010dasa za u\u017eitek. Pomembno je tudi ali so na\u0161e \u017eelje avtenti\u010dne ali pa smo jih le ponotranjili od na\u0161ih avtoritet. V slednjem primeru postane taka \u017eelja notranja prisila, ki niti ob svoji izpolnitvi ne prinese veselja.<\/p>\n<p>Po drugi strani pa so ljudje, ki si nekaj avtenti\u010dno \u017eelijo uspe\u0161ni, ob tem pa tudi u\u017eivajo. Taki ljudje so popolnoma druga\u010de \u2013 strastno naravnani do \u017eivljenja.<\/p>\n<p>O vsem tem in \u0161e ve\u010d v oddaji Dobro jutro Milenko Kova\u010devi\u0107.<br \/>\nOglejte si <a href=\"https:\/\/365.rtvslo.si\/arhiv\/dobro-jutro\/174665111\" target=\"_blank\" rel=\"noopener\">celotno oddajo<\/a>.<\/p>","protected":false},"excerpt":{"rendered":"<p>Strast lahko v o\u017ejem smislu razumemo v povezavi z \u017eeljo. To so objekti, osebe ali neki cilji h katerim strmimo. \u017delja je lahko kot vsako drugo \u010dustvo blago, intenzivno, kratkotrajno ali pa dolgotrajno. V tem smislu je lahko tudi strast primerna, neprimerna lahko je je preve\u010d ali pa nam je tudi manjka. Mnogi se preve\u010d [&hellip;]<\/p>","protected":false},"author":1,"featured_media":0,"comment_status":"open","ping_status":"open","sticky":false,"template":"","format":"standard","meta":{"inline_featured_image":false,"footnotes":""},"categories":[24],"tags":[],"class_list":["post-5071","post","type-post","status-publish","format-standard","hentry","category-objave-v-medijih"],"_links":{"self":[{"href":"https:\/\/store.pamina.si\/en\/wp-json\/wp\/v2\/posts\/5071","targetHints":{"allow":["GET"]}}],"collection":[{"href":"https:\/\/store.pamina.si\/en\/wp-json\/wp\/v2\/posts"}],"about":[{"href":"https:\/\/store.pamina.si\/en\/wp-json\/wp\/v2\/types\/post"}],"author":[{"embeddable":true,"href":"https:\/\/store.pamina.si\/en\/wp-json\/wp\/v2\/users\/1"}],"replies":[{"embeddable":true,"href":"https:\/\/store.pamina.si\/en\/wp-json\/wp\/v2\/comments?post=5071"}],"version-history":[{"count":2,"href":"https:\/\/store.pamina.si\/en\/wp-json\/wp\/v2\/posts\/5071\/revisions"}],"predecessor-version":[{"id":6245,"href":"https:\/\/store.pamina.si\/en\/wp-json\/wp\/v2\/posts\/5071\/revisions\/6245"}],"wp:attachment":[{"href":"https:\/\/store.pamina.si\/en\/wp-json\/wp\/v2\/media?parent=5071"}],"wp:term":[{"taxonomy":"category","embeddable":true,"href":"https:\/\/store.pamina.si\/en\/wp-json\/wp\/v2\/categories?post=5071"},{"taxonomy":"post_tag","embeddable":true,"href":"https:\/\/store.pamina.si\/en\/wp-json\/wp\/v2\/tags?post=5071"}],"curies":[{"name":"wp","href":"https:\/\/api.w.org\/{rel}","templated":true}]}}