{"id":5048,"date":"2022-03-07T12:25:02","date_gmt":"2022-03-07T12:25:02","guid":{"rendered":"https:\/\/pam.razvojna.si\/?p=5048"},"modified":"2022-04-05T07:27:34","modified_gmt":"2022-04-05T07:27:34","slug":"odkar-vem-za-svoje-ime","status":"publish","type":"post","link":"https:\/\/store.pamina.si\/en\/2022\/03\/07\/odkar-vem-za-svoje-ime\/","title":{"rendered":"Odkar vem za svoje ime"},"content":{"rendered":"<p>Odkar vem za svoje ime, poznam ob\u010dutek krivde in sovra\u0161tvo proti sebi, zaradi tega, ker sem se rodil in ker sem. Te ob\u010dutke sem vedno nosil s seboj kot prtljago in trdno verjel, da je to moje \u017eivljenje. Da tako preprosto \u201cmora\u201d biti. Enega dneva je ta prtljaga postala preveliko breme, zdrobila me je in zna\u0161el sem se v prostoru med \u017eivljenjem in smrtjo. V prostoru, kjer ne obstaja ve\u010d ni\u010d drugega kot sama bole\u010dina in glasba postane hrup, lepota preneha obstajati, tako tudi smisel. Vsaki dan sem opazoval svoj obraz v ogledalu in \u010dutil kako razpadam, ostala je samo lupina, polna bole\u010dine. Takrat sem sprejel najte\u017ejo in najbolj vredno odlo\u010ditev, ki mi je re\u0161ila \u017eivljenje. Odlo\u010dil sem dati mo\u017enost nekomu, da pogleda v mojo du\u0161o. Nikoli nisem verjel da je mo\u017eno, da najdem in sprejmem to bole\u010dino in na novo spregledam. S solzami, smehom in pogumom je bilo vedno la\u017eje gledati na \u017eivljenje in po\u010dasi \u017eiveti Sebe. To je bogastvo, katerega sem si uspel izboriti. Nau\u010dil sem se kako ceniti sebe. Nau\u010dil sem se jeziti. Preprosto \u010dudovito.<br \/>\n\u010cutim, da sem v sebi zgradil otok sredi oceana, kjer se ve\u010d ne rabim boriti za pre\u017eivetje in preprosto sem. Hkrati \u010dutim, da mora tak\u0161no znanje biti na razpolago vsem, ki ga potrebujejo. Vem kaj to pomeni. Kon\u010dno.<\/p>","protected":false},"excerpt":{"rendered":"<p>Odkar vem za svoje ime, poznam ob\u010dutek krivde in sovra\u0161tvo proti sebi, zaradi tega, ker sem se rodil in ker sem. Te ob\u010dutke sem vedno nosil s seboj kot prtljago in trdno verjel, da je to moje \u017eivljenje. Da tako preprosto \u201cmora\u201d biti. Enega dneva je ta prtljaga postala preveliko breme, zdrobila me je in [&hellip;]<\/p>","protected":false},"author":1,"featured_media":0,"comment_status":"open","ping_status":"open","sticky":false,"template":"","format":"standard","meta":{"inline_featured_image":false,"footnotes":""},"categories":[18],"tags":[],"class_list":["post-5048","post","type-post","status-publish","format-standard","hentry","category-izpovedi-klientov"],"_links":{"self":[{"href":"https:\/\/store.pamina.si\/en\/wp-json\/wp\/v2\/posts\/5048","targetHints":{"allow":["GET"]}}],"collection":[{"href":"https:\/\/store.pamina.si\/en\/wp-json\/wp\/v2\/posts"}],"about":[{"href":"https:\/\/store.pamina.si\/en\/wp-json\/wp\/v2\/types\/post"}],"author":[{"embeddable":true,"href":"https:\/\/store.pamina.si\/en\/wp-json\/wp\/v2\/users\/1"}],"replies":[{"embeddable":true,"href":"https:\/\/store.pamina.si\/en\/wp-json\/wp\/v2\/comments?post=5048"}],"version-history":[{"count":2,"href":"https:\/\/store.pamina.si\/en\/wp-json\/wp\/v2\/posts\/5048\/revisions"}],"predecessor-version":[{"id":6571,"href":"https:\/\/store.pamina.si\/en\/wp-json\/wp\/v2\/posts\/5048\/revisions\/6571"}],"wp:attachment":[{"href":"https:\/\/store.pamina.si\/en\/wp-json\/wp\/v2\/media?parent=5048"}],"wp:term":[{"taxonomy":"category","embeddable":true,"href":"https:\/\/store.pamina.si\/en\/wp-json\/wp\/v2\/categories?post=5048"},{"taxonomy":"post_tag","embeddable":true,"href":"https:\/\/store.pamina.si\/en\/wp-json\/wp\/v2\/tags?post=5048"}],"curies":[{"name":"wp","href":"https:\/\/api.w.org\/{rel}","templated":true}]}}