{"id":2886,"date":"2019-12-04T16:38:12","date_gmt":"2019-12-04T16:38:12","guid":{"rendered":"https:\/\/pam.razvojna.si\/?p=2886"},"modified":"2022-04-05T09:00:39","modified_gmt":"2022-04-05T09:00:39","slug":"ali-so-parklji-primerni","status":"publish","type":"post","link":"https:\/\/store.pamina.si\/en\/2019\/12\/04\/ali-so-parklji-primerni\/","title":{"rendered":"Ali so parklji primerni?"},"content":{"rendered":"<p>Zjutraj mi zazvoni telefon, kli\u010de me mlada mamica pun\u010dke stare 2 leti. Jo\u010de in mi pove, da ne ve kaj naj naredi, ker se je h\u010derkica pono\u010di ve\u010dkrat zbujala, neutola\u017eljivo jokala, udarjala z rokami in nogami po postelji ter prav ni\u010desar ni mogla narediti, da bi jo pomirila. S\u010dasoma se je sama pomirila in bila dalje spet igriva, razposajena kot po navadi. Mamica se je prestra\u0161ila in ni vedela kaj na naredi.<br \/>\nPo pogovoru z njo sva ugotovili, da je njena h\u010derkica prej\u0161nje dni gledala risanke z \u017eivalmi, ki so stra\u0161ile, grozile (volkovi, duhovi itd.), o katerih ji je \u017ee sama ve\u010dkrat govorila. Dan prej sta se odpravile v enega od nakupovalnih sredi\u0161\u010d, kjer je pri\u0161el Miklav\u017e s svojimi angeli in parklji. Pono\u010di se je zbujala iz more\u010dih sanj, kjer je do\u017eivetja celega tedna ponovno podo\u017eivljala in se posku\u0161ala fizi\u010dno ubraniti pred njimi.<\/p>\n<p>\u017divimo v dru\u017ebi, kjer je razcepljenost na \u201cdobre\u201d in \u201cslabe\u201d \u017ee vsakodnevni pojav (v pravljicah, med politiki itd.). Gre za pojav \u201crazcepa\u201d (ang. splitting), ki se pojavlja pri otroku nekje od enega leta naprej. Otrok namre\u010d postopoma ponotranja pomembne ljudi okoli sebe, tudi pravlji\u010dne figure. Klju\u010dno je, da otrok v tem obdobju \u0161e ne zna razlikovati osebe od svojega po\u010detja oz. po\u010detja drugih ljudi. Tako mamo, ki se jezi na njegove napake, on razume, da je mama slaba oz. da je on slab ter da ni vreden ljubezni mame. \u010ce pa ga mama pohvali in nagradi je mama dobra in posledi\u010dno je tudi on vreden ljubezni in je dober. \u010ce otroku ne pomagamo razre\u0161iti \u201crazcep\u201d, bo kasneje v \u017eivljenju lahko do\u017eivljal \u2013 \u010de naredim napako, jaz sem slab. To lahko vodi v samopreziranje sebe in grajenja slabe samopodobe.<\/p>\n<p>Od Miklav\u017ea otrok sli\u0161i vpra\u0161anje \u2013 Ali si bil priden ali poreden? \u010ce si bil priden dobi\u0161 darilo od angel\u010dkov (si dober kot angel), \u010de pa poreden pa \u0161ibo od parkljev (si slab kot parkelj). Kaj pravzaprav s tem Miklav\u017e otroku sporo\u010da?<br \/>\nIzgleda, da \u017ee Miklav\u017e ni razre\u0161il faze \u201crazcepa\u201d. Razvidno je pogojevanje dejanj otroka, s tem kdo je otrok kot \u010dlovek (dober ali slab), \u010de je naredil kak\u0161no napako v \u017eivljenju. Otrok \u0161e ni dovolj zrel, da bi lahko lo\u010dil nami\u0161ljen, abstraktni svet pravlji\u010dnih in mitolo\u0161kih figur od realnosti ter Miklav\u017ea smatra kot avtoriteto, ki jo je potrebno upo\u0161tevati (kot star\u0161a). Sploh, \u010de tak\u0161na avtoriteta, kot jo Miklav\u017e nastopa iz vidika \u201custrahovanja\u201d s trpin\u010denjem (parklji z verigami in drugimi predmeti ustrahujejo s fizi\u010dnim trpin\u010denjem otroka). Tak\u0161ni vplivi, lahko kasneje botrujejo k razvoju otrokove slabe samopodobe, pretiranega prilagajanja in uslu\u017enosti drugim, depresivnosti, samopo\u0161kodovalnega vedenja, tudi samomorilnosti. Sploh, \u010de imajo tak\u0161en vzgojni stil tudi njegovi star\u0161i.<\/p>\n<p>Zato je pomembno <strong>otroku pomagati na ve\u010d na\u010dinov<\/strong>, da preraste to fazo \u2013 \u010de naredi napako, je \u0161e vedno kvaliteten \u010dlovek in vreden ljubezni drugih ljudi. Normalno je, da vsak \u010dlovek naredi napake v svojem \u017eivljenju. \u010ce znamo lo\u010diti dejanja osebe od osebe same, tudi la\u017eje odpu\u0161\u010damo sebi in drugim. Kazen, ki jo star\u0161i uporabijo pa mora biti v slu\u017ebi razvoja otrokove dobre samopodobe in la\u017ejega vstopa v odraslost. Prav tako je pomembno <strong>otroku pokazati kako se lahko za\u0161\u010diti pred pretiranim ustrahovanjem, gro\u017enjo trpin\u010denja in preziranja s strani drugih<\/strong>, ki ga bo zagotovo \u0161e kdaj dele\u017een v \u201czunanjem\u201d svetu. Otroka je potrebno <strong>nau\u010diti odpornosti do prezira in sovra\u0161tva drugih ljudi<\/strong>, ne pa ga pretirano \u0161\u010dititi pred vsemi temi vplivi, kar ga lahko oropa treniranja socialnih ve\u0161\u010din, postavljanja mej drugim, razvoja borbenosti in zdrave agresivnosti.<\/p>\n<p>Prazniki in z njim prihajajo\u010di trije mo\u017eje naj otroku omogo\u010dajo \u0161e dodatno do\u017eivljanje ob\u010dutka doma\u010dnosti, ljubjenosti, topline in zanosa za prihajajo\u010de leto.<\/p>\n<p><em>Avtor: dr. Nu\u0161a Kova\u010devi\u0107 Tojnko, psihoterapevtka psihoanaliti\u010dne psihoterapije (ECPP)<\/em><\/p>","protected":false},"excerpt":{"rendered":"<p>Zjutraj mi zazvoni telefon, kli\u010de me mlada mamica pun\u010dke stare 2 leti. Jo\u010de in mi pove, da ne ve kaj naj naredi, ker se je h\u010derkica pono\u010di ve\u010dkrat zbujala, neutola\u017eljivo jokala, udarjala z rokami in nogami po postelji ter prav ni\u010desar ni mogla narediti, da bi jo pomirila. S\u010dasoma se je sama pomirila in bila [&hellip;]<\/p>","protected":false},"author":1,"featured_media":0,"comment_status":"open","ping_status":"open","sticky":false,"template":"","format":"standard","meta":{"inline_featured_image":false,"footnotes":""},"categories":[12],"tags":[],"class_list":["post-2886","post","type-post","status-publish","format-standard","hentry","category-zapisi-za-vas"],"_links":{"self":[{"href":"https:\/\/store.pamina.si\/en\/wp-json\/wp\/v2\/posts\/2886","targetHints":{"allow":["GET"]}}],"collection":[{"href":"https:\/\/store.pamina.si\/en\/wp-json\/wp\/v2\/posts"}],"about":[{"href":"https:\/\/store.pamina.si\/en\/wp-json\/wp\/v2\/types\/post"}],"author":[{"embeddable":true,"href":"https:\/\/store.pamina.si\/en\/wp-json\/wp\/v2\/users\/1"}],"replies":[{"embeddable":true,"href":"https:\/\/store.pamina.si\/en\/wp-json\/wp\/v2\/comments?post=2886"}],"version-history":[{"count":3,"href":"https:\/\/store.pamina.si\/en\/wp-json\/wp\/v2\/posts\/2886\/revisions"}],"predecessor-version":[{"id":5016,"href":"https:\/\/store.pamina.si\/en\/wp-json\/wp\/v2\/posts\/2886\/revisions\/5016"}],"wp:attachment":[{"href":"https:\/\/store.pamina.si\/en\/wp-json\/wp\/v2\/media?parent=2886"}],"wp:term":[{"taxonomy":"category","embeddable":true,"href":"https:\/\/store.pamina.si\/en\/wp-json\/wp\/v2\/categories?post=2886"},{"taxonomy":"post_tag","embeddable":true,"href":"https:\/\/store.pamina.si\/en\/wp-json\/wp\/v2\/tags?post=2886"}],"curies":[{"name":"wp","href":"https:\/\/api.w.org\/{rel}","templated":true}]}}