{"id":1025,"date":"2022-03-27T12:05:07","date_gmt":"2022-03-27T12:05:07","guid":{"rendered":"https:\/\/pam.razvojna.si\/?p=1025"},"modified":"2022-04-12T14:26:19","modified_gmt":"2022-04-12T14:26:19","slug":"novi-terapevtski-skupini-v-ljubljani-in-mariboru","status":"publish","type":"post","link":"https:\/\/store.pamina.si\/en\/2022\/03\/27\/novi-terapevtski-skupini-v-ljubljani-in-mariboru\/","title":{"rendered":"Novi terapevtski skupini v Ljubljani in Mariboru"},"content":{"rendered":"<p>poro\u010damo vam, da ustanavljamo dve novi psihoterapevtski skupini \u2013 eno v Ljubljani in eno v Mariboru. S \u010dlani skupin se bomo za\u010deli sre\u010devati septembra, in sicer enkrat tedensko, skupini pa bo vodila izku\u0161ena psihoterapevtka psihoanaliti\u010dne psihoterapije Brigita Korpar, skupaj s koterapevtko.<\/p>\n<p><strong>Za koga je skupinska psihoterapija primerna<\/strong><\/p>\n<p>Psihoterapija je, zelo preprosto povedano, zdravljenje s pogovorom.<\/p>\n<p>Skupinska psihoterapija je oblika psihoterapevtskega dela namenjena ljudem, ki \u017eelijo v interakcijah z drugimi \u010dlani v skupini in terapevtom predelati vzorce vedenja, ki jih ponavljajo v odnosu z ljudmi iz svojega \u017eivljenja. Predvsem je skupinska psihoterapija primerna za ljudi, ki trpijo zaradi slabe samopodobe in ki se ne zmorejo primerno osamosvojiti.<\/p>\n<p><strong>Sre\u010danja v Mariboru:<\/strong><\/p>\n<p>Vsak \u010detrtek od 18.00 do 19.30, v Pamini na Kajuhovi 12 v Mariboru. Cena skupinske psihoterapije je 80 evrov na mesec.<\/p>\n<p><strong>Sre\u010danja v Ljubljani:<\/strong><\/p>\n<p>Vsak torek od 18.00 do 19.30, lokacijo \u0161e sporo\u010dimo. Cena skupinske psihoterapije je 80 evrov na mesec.<\/p>\n<p>V vsako od skupin bomo sprejeli do 10 \u010dlanov, vsak pa se ob vstopu zave\u017ee k dogovorom, ki veljajo v vseh terapevtskih skupinah. Skupini bosta polzaprti, kar pomeni, da se ob sprostitvi mest lahko priklju\u010dijo novi \u010dlani.<\/p>\n<p>Vstop v skupino je mo\u017een s septembrom, pred pridru\u017eitvijo pa boste opravili razgovor s psihoterapevtko. V skupino se lahko vklju\u010dite tudi, \u010de obiskujete individualno terapijo.<\/p>\n<p>Ve\u010d o tem kaj je skupinska psihoterapija in kako poteka, si lahko preberete tukaj. \u010ce vas ta oblika psihoterapije zanima in bi se radi pridru\u017eili, vam je za ve\u010d informacij in prijavo na voljo Brigita Korpar na mobilni \u0161tevilki 041 835 470.<\/p>","protected":false},"excerpt":{"rendered":"<p>poro\u010damo vam, da ustanavljamo dve novi psihoterapevtski skupini \u2013 eno v Ljubljani in eno v Mariboru. S \u010dlani skupin se bomo za\u010deli sre\u010devati septembra, in sicer enkrat tedensko, skupini pa bo vodila izku\u0161ena psihoterapevtka psihoanaliti\u010dne psihoterapije Brigita Korpar, skupaj s koterapevtko. Za koga je skupinska psihoterapija primerna Psihoterapija je, zelo preprosto povedano, zdravljenje s pogovorom. [&hellip;]<\/p>","protected":false},"author":1,"featured_media":0,"comment_status":"open","ping_status":"open","sticky":false,"template":"","format":"standard","meta":{"inline_featured_image":false,"footnotes":""},"categories":[30],"tags":[],"class_list":["post-1025","post","type-post","status-publish","format-standard","hentry","category-novice"],"_links":{"self":[{"href":"https:\/\/store.pamina.si\/en\/wp-json\/wp\/v2\/posts\/1025","targetHints":{"allow":["GET"]}}],"collection":[{"href":"https:\/\/store.pamina.si\/en\/wp-json\/wp\/v2\/posts"}],"about":[{"href":"https:\/\/store.pamina.si\/en\/wp-json\/wp\/v2\/types\/post"}],"author":[{"embeddable":true,"href":"https:\/\/store.pamina.si\/en\/wp-json\/wp\/v2\/users\/1"}],"replies":[{"embeddable":true,"href":"https:\/\/store.pamina.si\/en\/wp-json\/wp\/v2\/comments?post=1025"}],"version-history":[{"count":5,"href":"https:\/\/store.pamina.si\/en\/wp-json\/wp\/v2\/posts\/1025\/revisions"}],"predecessor-version":[{"id":7169,"href":"https:\/\/store.pamina.si\/en\/wp-json\/wp\/v2\/posts\/1025\/revisions\/7169"}],"wp:attachment":[{"href":"https:\/\/store.pamina.si\/en\/wp-json\/wp\/v2\/media?parent=1025"}],"wp:term":[{"taxonomy":"category","embeddable":true,"href":"https:\/\/store.pamina.si\/en\/wp-json\/wp\/v2\/categories?post=1025"},{"taxonomy":"post_tag","embeddable":true,"href":"https:\/\/store.pamina.si\/en\/wp-json\/wp\/v2\/tags?post=1025"}],"curies":[{"name":"wp","href":"https:\/\/api.w.org\/{rel}","templated":true}]}}